[{"@context":"https:\/\/schema.org\/","@type":"Article","@id":"https:\/\/www.uvenio.cz\/zarizeni-pro-osoby-s-demenci-ve-kterem-se-budou-citit-jako-doma\/#Article","mainEntityOfPage":"https:\/\/www.uvenio.cz\/zarizeni-pro-osoby-s-demenci-ve-kterem-se-budou-citit-jako-doma\/","headline":"Za\u0159\u00edzen\u00ed pro osoby s demenc\u00ed, ve kter\u00e9m se budou c\u00edtit jako doma","name":"Za\u0159\u00edzen\u00ed pro osoby s demenc\u00ed, ve kter\u00e9m se budou c\u00edtit jako doma","description":"V\u00edte, co je domov se zvl\u00e1\u0161tn\u00edm re\u017eimem? Nemus\u00edte se n\u00e1zvu lekat, nejde o \u017e\u00e1dnou klasickou l\u00e9\u010debnu \u010di domov d\u016fchodc\u016f. Jde o bydlen\u00ed pro osoby trp\u00edc\u00ed Alzheimerovou chorobou \u010di jin\u00fdm druhem demence, poskytuj\u00edc\u00ed maxim\u00e1ln\u00ed p\u00e9\u010di po v\u0161ech str\u00e1nk\u00e1ch. Toto za\u0159\u00edzen\u00ed je z\u0159\u00edzeno neziskovou nest\u00e1tn\u00ed organizac\u00ed Alzheimer Home a poskytuje komplexn\u00ed soci\u00e1ln\u00ed slu\u017eby klient\u016fm trp\u00edc\u00edm n\u011bjak\u00fdm typem [&hellip;]","datePublished":"2017-07-26","dateModified":"2017-07-26","author":{"@type":"Person","@id":"https:\/\/www.uvenio.cz\/author\/#Person","name":"","url":"https:\/\/www.uvenio.cz\/author\/","identifier":1,"image":{"@type":"ImageObject","@id":"https:\/\/secure.gravatar.com\/avatar\/11f8c6ff4d174e1ebef1d6401491d0892ff6534e7a3312fbf752a8f90a4375cd?s=96&d=mm&r=g","url":"https:\/\/secure.gravatar.com\/avatar\/11f8c6ff4d174e1ebef1d6401491d0892ff6534e7a3312fbf752a8f90a4375cd?s=96&d=mm&r=g","height":96,"width":96}},"publisher":{"@type":"Organization","name":"uvenio.cz","logo":{"@type":"ImageObject","@id":"\/logo.png","url":"\/logo.png","width":600,"height":60}},"image":{"@type":"ImageObject","@id":"https:\/\/www.uvenio.cz\/wp-content\/uploads\/img_a290889_w2162_t1503656296.jpg","url":"https:\/\/www.uvenio.cz\/wp-content\/uploads\/img_a290889_w2162_t1503656296.jpg","height":0,"width":0},"url":"https:\/\/www.uvenio.cz\/zarizeni-pro-osoby-s-demenci-ve-kterem-se-budou-citit-jako-doma\/","about":["V\u00fdrobky"],"wordCount":388,"articleBody":" V\u00edte, co je domov se zvl\u00e1\u0161tn\u00edm re\u017eimem? Nemus\u00edte se n\u00e1zvu lekat, nejde o \u017e\u00e1dnou klasickou l\u00e9\u010debnu \u010di domov d\u016fchodc\u016f. Jde o bydlen\u00ed pro osoby trp\u00edc\u00ed Alzheimerovou chorobou \u010di jin\u00fdm druhem demence, poskytuj\u00edc\u00ed maxim\u00e1ln\u00ed p\u00e9\u010di po v\u0161ech str\u00e1nk\u00e1ch. Toto za\u0159\u00edzen\u00ed je z\u0159\u00edzeno neziskovou nest\u00e1tn\u00ed organizac\u00ed Alzheimer Home a poskytuje komplexn\u00ed soci\u00e1ln\u00ed slu\u017eby klient\u016fm trp\u00edc\u00edm n\u011bjak\u00fdm typem demence i jejich p\u0159\u00edbuzn\u00fdm. Sna\u017e\u00ed se o poskytnut\u00ed maxim\u00e1ln\u011b p\u0159\u00edv\u011btiv\u00e9ho prost\u0159ed\u00ed pro sv\u00e9 klienty i jejich rodinn\u00e9 p\u0159\u00edslu\u0161n\u00edky. P\u00e9\u010de o takto nemocn\u00e9 osoby je toti\u017e velmi n\u00e1ro\u010dn\u00e1.   P\u00e9\u010de o nemocn\u00e9 vy\u017eaduje stoprocentn\u00ed nasazen\u00ed Pokud m\u00e1te v rodin\u011b osobu trp\u00edc\u00ed demenc\u00ed, v\u00edte, \u017ee p\u00e9\u010de vy\u017eaduje stoprocentn\u00ed nasazen\u00ed, to v\u0161ak m\u016f\u017ee b\u00fdt probl\u00e9m. Trp\u00ed pak cel\u00e1 rodina, proto\u017ee v\u00e1m u\u017e nezb\u00fdvaj\u00ed s\u00edly na ostatn\u00ed rodinn\u00e9 p\u0159\u00edslu\u0161n\u00edky. Pro v\u00e1s je toto za\u0159\u00edzen\u00ed v\u00fdborn\u00fdm \u0159e\u0161en\u00edm. Sna\u017e\u00edme se o n\u00e1sleduj\u00edc\u00ed: \u00b7 Rozv\u00edjet klienta po v\u0161ech stran\u00e1ch, tedy zachovat dosavadn\u00ed \u00farove\u0148 schopnost\u00ed a sob\u011bsta\u010dnosti. Osoby trp\u00edc\u00ed demenc\u00ed toti\u017e \u010dasem o schopnost sob\u011bsta\u010dnosti p\u0159ich\u00e1zej\u00ed a je v\u00edce ne\u017e \u017e\u00e1douc\u00ed ji na jak\u00e9koli \u00farovni udr\u017eet, to umo\u017e\u0148uje udr\u017eet kvalitu jejich \u017eivota. \u00b7 Vytvo\u0159it maxim\u00e1ln\u011b bezpe\u010dn\u00e9 a rodinn\u00e9 prost\u0159ed\u00ed. \u00b7 Poskytnout komplexn\u00ed slu\u017eby na vnikaj\u00edc\u00ed \u00farovni, v\u010detn\u011b zdravotn\u00ed p\u00e9\u010de. \u00b7 Zajistit aktivn\u00ed a spole\u010densk\u00fd \u017eivot pro v\u0161echny klienty adekv\u00e1tn\u011b v\u011bku a typu nemoci a podpo\u0159it jejich kontakt s rodinou. \u00b7 Poskytnut\u00ed maxim\u00e1ln\u011b individualizovan\u00fdch slu\u017eeb  Aby k n\u00e1m mohl b\u00fdt v\u00e1\u0161 p\u0159\u00edbuzn\u00fd p\u0159ijat, mus\u00ed b\u00fdt spln\u011bna ur\u010dit\u00e1 krit\u00e9ria: \u00b7 Osoba mus\u00ed spadat do c\u00edlov\u00e9 skupiny, tedy trp\u011bt Alzheimerovou chorobou \u010di jin\u00fdm druhem demence a nen\u00ed schopna se sama o sebe bez pomoci druh\u00e9 osoby postarat. \u00b7 Osoba nesm\u00ed trp\u011bt \u017e\u00e1dnou infek\u010dn\u00ed nemoc\u00ed a nesm\u00ed b\u00fdt nemocn\u00fd tak, \u017ee je nutn\u00e1 hospitalizace v nemocnici. \u00b7 V posledn\u00ed \u0159ad\u011b mus\u00ed b\u00fdt voln\u00e9 m\u00edsto v na\u0161em za\u0159\u00edzen\u00ed.                                                                                                                                                                                                                                                                                                                                                                                         4\/5 - (5 votes)        "},{"@context":"https:\/\/schema.org\/","@type":"BreadcrumbList","itemListElement":[{"@type":"ListItem","position":1,"name":"Za\u0159\u00edzen\u00ed pro osoby s demenc\u00ed, ve kter\u00e9m se budou c\u00edtit jako doma","item":"https:\/\/www.uvenio.cz\/zarizeni-pro-osoby-s-demenci-ve-kterem-se-budou-citit-jako-doma\/#breadcrumbitem"}]}]