[{"@context":"https:\/\/schema.org\/","@type":"Article","@id":"https:\/\/www.uvenio.cz\/nespoutana-priroda-sumavy-vydejte-se-sem-i-vy-a-zazijte-zpupnost-krajiny-na-vlastni-kuzi\/#Article","mainEntityOfPage":"https:\/\/www.uvenio.cz\/nespoutana-priroda-sumavy-vydejte-se-sem-i-vy-a-zazijte-zpupnost-krajiny-na-vlastni-kuzi\/","headline":"Nespoutan\u00e1 p\u0159\u00edroda \u0160umavy \u2013 vydejte se sem i vy a za\u017eijte zpupnost krajiny na vlastn\u00ed k\u016f\u017ei","name":"Nespoutan\u00e1 p\u0159\u00edroda \u0160umavy \u2013 vydejte se sem i vy a za\u017eijte zpupnost krajiny na vlastn\u00ed k\u016f\u017ei","description":"Lesn\u00ed park \u0160umava, na\u0161e chr\u00e1n\u011bn\u00e1 krajinn\u00e1 oblast a zde p\u0159\u00edtomn\u00fd n\u00e1rodn\u00ed park, nab\u00edz\u00ed i letos deset nov\u00fdch tras programu, kdy m\u016f\u017eete spole\u010dn\u011b s\u00a0va\u0161\u00edm pr\u016fvodcem vstoupit na m\u00edsta, do kter\u00fdch se jinak sami nedostanete. &#8211;\u00a0\u00a0\u00a0\u00a0\u00a0\u00a0\u00a0\u00a0\u00a0 I to je d\u016fvod, pro\u010d sem m\u00ed\u0159\u00ed st\u00e1le v\u00edce turist\u016f &#8211;\u00a0\u00a0\u00a0\u00a0\u00a0\u00a0\u00a0\u00a0\u00a0 Existuje zde cel\u00fdch t\u0159icet r\u016fzn\u011b dlouh\u00fdch a obt\u00ed\u017en\u00fdch tras, kter\u00e9 [&hellip;]","datePublished":"2025-05-16","dateModified":"2025-05-16","author":{"@type":"Person","@id":"https:\/\/www.uvenio.cz\/author\/#Person","name":"","url":"https:\/\/www.uvenio.cz\/author\/","identifier":1,"image":{"@type":"ImageObject","@id":"https:\/\/secure.gravatar.com\/avatar\/11f8c6ff4d174e1ebef1d6401491d0892ff6534e7a3312fbf752a8f90a4375cd?s=96&d=mm&r=g","url":"https:\/\/secure.gravatar.com\/avatar\/11f8c6ff4d174e1ebef1d6401491d0892ff6534e7a3312fbf752a8f90a4375cd?s=96&d=mm&r=g","height":96,"width":96}},"publisher":{"@type":"Organization","name":"uvenio.cz","logo":{"@type":"ImageObject","@id":"\/logo.png","url":"\/logo.png","width":600,"height":60}},"url":"https:\/\/www.uvenio.cz\/nespoutana-priroda-sumavy-vydejte-se-sem-i-vy-a-zazijte-zpupnost-krajiny-na-vlastni-kuzi\/","wordCount":383,"articleBody":"Lesn\u00ed park \u0160umava, na\u0161e chr\u00e1n\u011bn\u00e1 krajinn\u00e1 oblast a zde p\u0159\u00edtomn\u00fd n\u00e1rodn\u00ed park, nab\u00edz\u00ed i letos deset nov\u00fdch tras programu, kdy m\u016f\u017eete spole\u010dn\u011b s\u00a0va\u0161\u00edm pr\u016fvodcem vstoupit na m\u00edsta, do kter\u00fdch se jinak sami nedostanete.&#8211;\u00a0\u00a0\u00a0\u00a0\u00a0\u00a0\u00a0\u00a0\u00a0 I to je d\u016fvod, pro\u010d sem m\u00ed\u0159\u00ed st\u00e1le v\u00edce turist\u016f &#8211;\u00a0\u00a0\u00a0\u00a0\u00a0\u00a0\u00a0\u00a0\u00a0 Existuje zde cel\u00fdch t\u0159icet r\u016fzn\u011b dlouh\u00fdch a obt\u00ed\u017en\u00fdch tras, kter\u00e9 m\u016f\u017eete absolvovat &#8211;\u00a0\u00a0\u00a0\u00a0\u00a0\u00a0\u00a0\u00a0\u00a0 M\u016f\u017eete nav\u0161t\u00edvit parky, kde jsou chov\u00e1ni rysov\u00e9, vlci a jeleniKa\u0148on K\u0159emeln\u00e9 \u0159eky Pr\u00e1v\u011b sout\u011bsky a strm\u00e9 kluzk\u00e9 sk\u00e1ly t\u00e9to \u0159eky jsou jedny z\u00a0nejnep\u0159\u00edstupn\u011bj\u0161\u00edch m\u00edst cel\u00e9 \u0161umavsk\u00e9 oblasti. M\u016f\u017eete se cht\u00edt ale pod\u00edvat i na v\u00edce m\u00edst, ne\u017e je krkolomn\u00fd proud t\u00e9to \u0159eky. Nap\u0159\u00edklad na \u0161umavsk\u00e9 pl\u00e1n\u011b, m\u00edstn\u00ed bukov\u00e9 lesy, nebo t\u0159eba b\u0159ehy \u0159eky \u0158asnice.\tS\u00a0pr\u016fvodcem a pouze mal\u00e9 skupinkyU\u017e n\u011bkolik let funguje tento program, kdy na malou skupinu turist\u016f p\u0159ipad\u00e1 jeden pr\u016fvodce, kter\u00fd skupinku vede po jinak velice m\u00e1lo p\u0159\u00edstupn\u00fdch m\u00edstech na\u0161eho nejvz\u00e1cn\u011bj\u0161\u00edho n\u00e1rodn\u00edho parku. M\u016f\u017eete se letos zapsat na jeden ze sto pades\u00e1ti term\u00edn\u016f, kdy jsou pr\u016fvodci k\u00a0dispozici. Ale rezervujte si m\u00edsta dostate\u010dn\u011b dlouho dop\u0159edu \u2013 o tuto jedine\u010dnou p\u0159\u00edle\u017eitost je mezi \u010cechy, ale tak\u00e9 N\u011bmci a Raku\u0161\u00e1ky \u2013 velk\u00e1 popt\u00e1vka.&#8211;\u00a0\u00a0\u00a0\u00a0\u00a0\u00a0\u00a0\u00a0\u00a0 Cesty do divo\u010diny l\u00e1kaj\u00ed mnoho lid\u00ed Trasa okolo K\u0159emeln\u00e9 je jednou z\u00a0t\u011bch nejslo\u017eit\u011bj\u0161\u00edch. Mo\u017en\u00e1 i to je d\u016fvod, pro\u010d nen\u00ed pro samostatn\u00e9 skupiny p\u0159\u00edstupn\u00e1 a p\u0159\u00edstup zde maj\u00ed pouze skupinky se zku\u0161en\u00fdm pr\u016fvodcem.&#8211;\u00a0\u00a0\u00a0\u00a0\u00a0\u00a0\u00a0\u00a0\u00a0 Dal\u0161\u00ed m\u00edsta a trasy p\u0159ib\u00fdvaj\u00ed A\u017e ne\u010dekan\u011b velk\u00fd z\u00e1jem je o m\u00edsta, kter\u00e1 dodnes nebyla turist\u016fm p\u0159\u00edstupn\u00e1. Po\u010det tras i term\u00edn\u016f neust\u00e1le stoup\u00e1.&#8211;\u00a0\u00a0\u00a0\u00a0\u00a0\u00a0\u00a0\u00a0\u00a0 Vydejte se do Bavorsk\u00e9ho lesaJedn\u00e1 se o sousedn\u00ed n\u00e1rodn\u00ed park na druh\u00e9 stran\u011b na\u0161ich hranic, u na\u0161ich n\u011bmeck\u00fdch soused\u016f. To je leto\u0161n\u00ed novinka, kter\u00e1 m\u00e1 ale jenom omezen\u00fd po\u010det m\u00edst na dvou term\u00ednech.                                                                                                                                                                                                                                                                                                                                                                                        3.4\/5 - (5 votes)        "},{"@context":"https:\/\/schema.org\/","@type":"BreadcrumbList","itemListElement":[{"@type":"ListItem","position":1,"name":"Nespoutan\u00e1 p\u0159\u00edroda \u0160umavy \u2013 vydejte se sem i vy a za\u017eijte zpupnost krajiny na vlastn\u00ed k\u016f\u017ei","item":"https:\/\/www.uvenio.cz\/nespoutana-priroda-sumavy-vydejte-se-sem-i-vy-a-zazijte-zpupnost-krajiny-na-vlastni-kuzi\/#breadcrumbitem"}]}]