[{"@context":"https:\/\/schema.org\/","@type":"Article","@id":"https:\/\/www.uvenio.cz\/dum-se-zvlastnim-rezimem-pro-lidi-trpici-alzheimerem\/#Article","mainEntityOfPage":"https:\/\/www.uvenio.cz\/dum-se-zvlastnim-rezimem-pro-lidi-trpici-alzheimerem\/","headline":"D\u016fm se zvl\u00e1\u0161tn\u00edm re\u017eimem pro lidi trp\u00edc\u00ed alzheimerem","name":"D\u016fm se zvl\u00e1\u0161tn\u00edm re\u017eimem pro lidi trp\u00edc\u00ed alzheimerem","description":"Pokud m\u00e1te n\u011bkoho v rodin\u011b, kdo trp\u00ed Alzheimerov\u00fdm onemocn\u011bn\u00edm nebo sta\u0159eckou demenc\u00ed a vy\u017eaduje celodenn\u00ed p\u00e9\u010di, pak vyu\u017eijte dostupn\u00e9 soci\u00e1ln\u00ed slu\u017eby v podob\u011b um\u00edst\u011bn\u00ed takov\u00e9hoto \u010dlov\u011bka do na\u0161eho speci\u00e1ln\u00edho domova alzheimer, kde je o takov\u00e9 lidi perfektn\u011b postar\u00e1no d\u00edky nonstop re\u017eimu. V tomto za\u0159\u00edzen\u00ed se lid\u00e9 c\u00edt\u00ed t\u00e9m\u011b\u0159 jako doma, a to d\u00edky sympatick\u00e9mu rodinn\u00e9mu [&hellip;]","datePublished":"2016-12-27","dateModified":"2016-12-27","author":{"@type":"Person","@id":"https:\/\/www.uvenio.cz\/author\/#Person","name":"","url":"https:\/\/www.uvenio.cz\/author\/","identifier":1,"image":{"@type":"ImageObject","@id":"https:\/\/secure.gravatar.com\/avatar\/11f8c6ff4d174e1ebef1d6401491d0892ff6534e7a3312fbf752a8f90a4375cd?s=96&d=mm&r=g","url":"https:\/\/secure.gravatar.com\/avatar\/11f8c6ff4d174e1ebef1d6401491d0892ff6534e7a3312fbf752a8f90a4375cd?s=96&d=mm&r=g","height":96,"width":96}},"publisher":{"@type":"Organization","name":"uvenio.cz","logo":{"@type":"ImageObject","@id":"\/logo.png","url":"\/logo.png","width":600,"height":60}},"url":"https:\/\/www.uvenio.cz\/dum-se-zvlastnim-rezimem-pro-lidi-trpici-alzheimerem\/","wordCount":384,"articleBody":"Pokud m\u00e1te n\u011bkoho v rodin\u011b, kdo trp\u00ed Alzheimerov\u00fdm onemocn\u011bn\u00edm nebo sta\u0159eckou demenc\u00ed a vy\u017eaduje celodenn\u00ed p\u00e9\u010di, pak vyu\u017eijte dostupn\u00e9 soci\u00e1ln\u00ed slu\u017eby v podob\u011b um\u00edst\u011bn\u00ed takov\u00e9hoto \u010dlov\u011bka do na\u0161eho speci\u00e1ln\u00edho domova alzheimer, kde je o takov\u00e9 lidi perfektn\u011b postar\u00e1no d\u00edky nonstop re\u017eimu. V tomto za\u0159\u00edzen\u00ed se lid\u00e9 c\u00edt\u00ed t\u00e9m\u011b\u0159 jako doma, a to d\u00edky sympatick\u00e9mu rodinn\u00e9mu prost\u0159ed\u00ed a mo\u017enosti dovybaven\u00ed pokoj\u016f vlastn\u00edmi v\u011bcmi. Sta\u010d\u00ed jen vyplnit \u017e\u00e1dost o p\u0159ijet\u00ed a p\u0159ilo\u017eit k n\u00ed potvrzen\u00ed o\u0161et\u0159uj\u00edc\u00edho l\u00e9ka\u0159e. O lidi trp\u00edc\u00ed Alzheimerem nebo n\u011bkter\u00fdm typem sta\u0159eck\u00e9 demence je v tomto za\u0159\u00edzen\u00ed postar\u00e1no s ve\u0161kerou zdravotnickou a odbornou p\u00e9\u010d\u00ed. Pro klienty je p\u0159\u00edmo v are\u00e1lu k dispozici j\u00eddelna, kter\u00e1 nab\u00edz\u00ed j\u00eddlo z kvalitn\u00edch a hodnotn\u00fdch surovin, kter\u00e9 je navr\u017eeno p\u0159\u00edmo specialisty na zdravou a plnohodnotnou stravu. K dispozici je tak\u00e9 p\u0159\u00edmo u tohoto za\u0159\u00edzen\u00ed soukrom\u00fd park, kter\u00fd doslova l\u00e1k\u00e1 ke ka\u017edodenn\u00edm proch\u00e1zk\u00e1m nebo posezen\u00ed na lavi\u010dce a umo\u017e\u0148uje tak pobyt na \u010derstv\u00e9m vzduchu na dosah ruky. Klienti tak nejsou neust\u00e1le jen zav\u0159eni mezi \u010dty\u0159mi st\u011bnami, ale po p\u00e1r kroc\u00edch maj\u00ed p\u0159\u00edmo v are\u00e1lu k dispozici tak d\u016fle\u017eit\u00fd kousek p\u0159\u00edrody, kter\u00fd podpo\u0159\u00ed jejich fyzick\u00e9 i psychick\u00e9 zdrav\u00ed. Samoz\u0159ejm\u011b tak\u00e9 v na\u0161em centru nechyb\u00ed kvalifikovan\u00fd zdravotn\u00ed person\u00e1l, zku\u0161en\u00ed soci\u00e1ln\u00ed pracovn\u00edci, rehabilita\u010dn\u00ed pracovn\u00edci a tak\u00e9 extern\u00ed spolupracovn\u00edci z r\u016fzn\u00fdch obor\u016f, jak\u00fdmi jsou nap\u0159\u00edklad gerontologie, psychiatrie a neurologie. Toto za\u0159\u00edzen\u00ed nab\u00edz\u00ed dlouhou \u0159adu r\u016fzn\u00fdch slu\u017eeb a poskytuje sv\u00fdm klient\u016fm maxim\u00e1ln\u00ed p\u00e9\u010di s ohledem na jejich moment\u00e1ln\u00ed zdravotn\u00ed stav. P\u0159\u00edjemn\u00e9 prost\u0159ed\u00ed se zaji\u0161t\u011bn\u00edm ve\u0161ker\u00e9 pot\u0159ebn\u00e9 p\u00e9\u010de, \u00fatuln\u00e9 pokoje a dostatek kvalifikovan\u00fdch a zku\u0161en\u00fdch odborn\u00edk\u016f jsou v domov\u011b se zvl\u00e1\u0161tn\u00edm re\u017eimem samoz\u0159ejmost\u00ed. Na\u0161i klienti zde zkr\u00e1tka naleznou v\u0161e, co pr\u00e1v\u011b pot\u0159ebuj\u00ed.                                                                                                                                                                                                                                                                                                                                                                                        5\/5 - (4 votes)        "},{"@context":"https:\/\/schema.org\/","@type":"BreadcrumbList","itemListElement":[{"@type":"ListItem","position":1,"name":"D\u016fm se zvl\u00e1\u0161tn\u00edm re\u017eimem pro lidi trp\u00edc\u00ed alzheimerem","item":"https:\/\/www.uvenio.cz\/dum-se-zvlastnim-rezimem-pro-lidi-trpici-alzheimerem\/#breadcrumbitem"}]}]