[{"@context":"https:\/\/schema.org\/","@type":"Article","@id":"https:\/\/www.uvenio.cz\/dedictvi-nas-muze-obcas-prekvapit\/#Article","mainEntityOfPage":"https:\/\/www.uvenio.cz\/dedictvi-nas-muze-obcas-prekvapit\/","headline":"D\u011bdictv\u00ed n\u00e1s m\u016f\u017ee ob\u010das p\u0159ekvapit","name":"D\u011bdictv\u00ed n\u00e1s m\u016f\u017ee ob\u010das p\u0159ekvapit","description":"Kdy\u017e rodinu potk\u00e1 ona ne\u0161\u0165astn\u00e1 ud\u00e1lost, \u017ee z jej\u00edho kruhu odejde n\u011bkter\u00fd z jeho \u010dlen\u016f, m\u016f\u017ee se n\u00e1m ob\u010das st\u00e1t, \u017ee na n\u00e1s \u010dek\u00e1 i n\u011bjak\u00e9 p\u0159ekvapen\u00ed i v p\u0159\u00edpad\u011b, \u017ee jsme si a\u017e do t\u00e9 doby mysleli, \u017ee o dan\u00e9m \u010dlov\u011bku v\u00edme v\u0161echno. A o p\u0159ekvapen\u00ed nen\u00ed t\u00edm sp\u00ed\u0161e nouze, pokud se jedn\u00e1 o [&hellip;]","datePublished":"2017-08-02","dateModified":"2017-08-02","author":{"@type":"Person","@id":"https:\/\/www.uvenio.cz\/author\/#Person","name":"","url":"https:\/\/www.uvenio.cz\/author\/","identifier":1,"image":{"@type":"ImageObject","@id":"https:\/\/secure.gravatar.com\/avatar\/11f8c6ff4d174e1ebef1d6401491d0892ff6534e7a3312fbf752a8f90a4375cd?s=96&d=mm&r=g","url":"https:\/\/secure.gravatar.com\/avatar\/11f8c6ff4d174e1ebef1d6401491d0892ff6534e7a3312fbf752a8f90a4375cd?s=96&d=mm&r=g","height":96,"width":96}},"publisher":{"@type":"Organization","name":"uvenio.cz","logo":{"@type":"ImageObject","@id":"\/logo.png","url":"\/logo.png","width":600,"height":60}},"image":{"@type":"ImageObject","@id":"https:\/\/www.uvenio.cz\/wp-content\/uploads\/img_a296607_w2246_t1507572034.jpg","url":"https:\/\/www.uvenio.cz\/wp-content\/uploads\/img_a296607_w2246_t1507572034.jpg","height":0,"width":0},"url":"https:\/\/www.uvenio.cz\/dedictvi-nas-muze-obcas-prekvapit\/","about":["Hry"],"wordCount":422,"articleBody":"Kdy\u017e rodinu potk\u00e1 ona ne\u0161\u0165astn\u00e1 ud\u00e1lost, \u017ee z jej\u00edho kruhu odejde n\u011bkter\u00fd z jeho \u010dlen\u016f, m\u016f\u017ee se n\u00e1m ob\u010das st\u00e1t, \u017ee na n\u00e1s \u010dek\u00e1 i n\u011bjak\u00e9 p\u0159ekvapen\u00ed i v p\u0159\u00edpad\u011b, \u017ee jsme si a\u017e do t\u00e9 doby mysleli, \u017ee o dan\u00e9m \u010dlov\u011bku v\u00edme v\u0161echno. A o p\u0159ekvapen\u00ed nen\u00ed t\u00edm sp\u00ed\u0161e nouze, pokud se jedn\u00e1 o n\u011bjak\u00e9 vzd\u00e1len\u00e9 p\u0159\u00edbuzn\u00e9. Ti n\u00e1m mohou ledacos zaj\u00edmav\u00e9ho odk\u00e1zat, i p\u0159esto, \u017ee o p\u0159edm\u011btech, kter\u00e9 se v jejich dom\u00e1cnosti vyskytuj\u00ed, nem\u011bl do t\u00e9 doby nikdo z \u010dlen\u016f rodiny \u017e\u00e1dn\u00e9 potuchy.  A\u0165 u\u017e se jedn\u00e1 o obsahy zapomenut\u00fdch truhel a p\u0159epln\u011bn\u00fdch p\u016fd anebo klidn\u011b i o star\u00fd o\u0161oupan\u00fd koberec pod k\u0159eslem v ob\u00fdvac\u00edm pokoji. N\u011bkdy na takov\u00e9 ne\u010dekan\u011b ukryt\u00e9 um\u011bleck\u00e9 artefakty naraz\u00ed p\u0159\u00edbuzn\u00ed p\u0159i vykl\u00edzen\u00ed poz\u016fstalosti a jindy je na n\u011b n\u00e1hodou upozorn\u00ed n\u011bjak\u00fd odborn\u00edk z \u0159ad jejich zn\u00e1m\u00fdch, kter\u00fd se k takov\u00e9 akci p\u0159ichom\u00fdtne. A v\u00fdjimkou nejsou ani objevy odnesen\u00e9 na smeti\u0161t\u011b, na kter\u00e9 tam narazil n\u00e1hodn\u00fd kolemjdouc\u00ed. A\u0165 u\u017e je to ale jakkoli, tak kdy\u017e nap\u0159\u00edklad objev\u00edme takov\u00fd historicky cenn\u00fd koberec, p\u0159esto\u017ee ji\u017e notn\u011b vyd\u0159en\u00fd, nem\u011bli bychom nad n\u00edm l\u00e1mat h\u016fl, ale m\u011bli bychom se jej pokusit zachr\u00e1nit, jak jen to jde. A to nejen proto, \u017ee jej n\u00e1sledn\u011b m\u016f\u017eeme dob\u0159e zpen\u011b\u017eit, pokud jej zrovna nebudeme cht\u00edt st\u0159e\u017eit jako rodinn\u00e9 d\u011bdictv\u00ed, ale tak\u00e9 i proto, \u017ee se jedn\u00e1 o historicky v\u00fdznamn\u00e9 um\u011bleck\u00e9 pam\u00e1tky, kter\u00e9 by se m\u011bly uchov\u00e1vat u\u017e z principu kv\u016fli zachov\u00e1n\u00ed pam\u011bti n\u00e1roda jako celku.  Na m\u00edst\u011b je proto osloven\u00ed n\u011bjak\u00e9ho znal\u00e9ho odborn\u00edka a n\u00e1sledn\u00e9 zaji\u0161t\u011bn\u00ed restaur\u00e1torsk\u00fdch prac\u00ed. Odborn\u00e9 restaurov\u00e1n\u00ed koberc\u016f je jist\u011b vhodn\u011bj\u0161\u00ed ne\u017e jejich drhnut\u00ed prac\u00edm pr\u00e1\u0161kem doma na kolen\u011b, co\u017e takov\u00fdm historick\u00fdm textili\u00edm m\u016f\u017ee zp\u016fsobit nevratn\u00e1 po\u0161kozen\u00ed. Je to asi stejn\u00e9 jako v p\u0159\u00edpad\u011b, kdy bychom narazili na po\u0161kozen\u00fd obraz \u2013 tak\u00e9 bychom jej sami nedomalov\u00e1vali. A pokud t\u00e9to v\u011bci nechceme v\u011bnovat sv\u016fj \u010das ani finance, pak je lep\u0161\u00ed je darovat n\u011bjak\u00e9 st\u00e1tn\u00ed um\u011bleckohistorick\u00e9 instituci.                                                                                                                                                                                                                                                                                                                                                                                         4.5\/5 - (6 votes)        "},{"@context":"https:\/\/schema.org\/","@type":"BreadcrumbList","itemListElement":[{"@type":"ListItem","position":1,"name":"D\u011bdictv\u00ed n\u00e1s m\u016f\u017ee ob\u010das p\u0159ekvapit","item":"https:\/\/www.uvenio.cz\/dedictvi-nas-muze-obcas-prekvapit\/#breadcrumbitem"}]}]