[{"@context":"https:\/\/schema.org\/","@type":"Blog","@id":"https:\/\/www.uvenio.cz#Blog","headline":"Uvenio","description":"\nSpousta lid\u00ed dnes \u017eije v\u00a0p\u0159esv\u011bd\u010den\u00ed, \u017ee sv\u011bt pat\u0159\u00ed jenom t\u011bm bohat\u00fdm. Ale n\u00e1\u0161 web je snadno p\u0159esv\u011bd\u010d\u00ed o tom, \u017ee i pro n\u011b se tu leccos najde.","url":"https:\/\/www.uvenio.cz","hasPart":[{"@type":"Article","@id":"https:\/\/www.uvenio.cz\/blondynky-pozor\/","headline":"Blond\u00fdnky pozor!","url":"https:\/\/www.uvenio.cz\/blondynky-pozor\/","datePublished":"2026-08-14","dateModified":"2026-08-14","mainEntityOfPage":"https:\/\/www.uvenio.cz\/blondynky-pozor\/","author":{"@type":"Person","@id":"https:\/\/www.uvenio.cz\/author\/#Person","name":"","url":"https:\/\/www.uvenio.cz\/author\/","identifier":1,"image":{"@type":"ImageObject","@id":"https:\/\/secure.gravatar.com\/avatar\/11f8c6ff4d174e1ebef1d6401491d0892ff6534e7a3312fbf752a8f90a4375cd?s=96&d=mm&r=g","url":"https:\/\/secure.gravatar.com\/avatar\/11f8c6ff4d174e1ebef1d6401491d0892ff6534e7a3312fbf752a8f90a4375cd?s=96&d=mm&r=g","height":96,"width":96}},"publisher":{"@type":"Organization","name":"uvenio.cz","logo":{"@type":"ImageObject","@id":"\/logo.png","url":"\/logo.png","width":600,"height":60}},"image":{"@type":"ImageObject","@id":"https:\/\/www.uvenio.cz\/wp-content\/uploads\/img_a305301_w1950_t1516803729.jpg","url":"https:\/\/www.uvenio.cz\/wp-content\/uploads\/img_a305301_w1950_t1516803729.jpg","height":0,"width":0},"wordCount":635,"keywords":null},{"@type":"Article","@id":"https:\/\/www.uvenio.cz\/na-last-minute-uz-neni-spoleh\/","headline":"Na last minute u\u017e nen\u00ed spoleh\u2026","url":"https:\/\/www.uvenio.cz\/na-last-minute-uz-neni-spoleh\/","datePublished":"2025-11-28","dateModified":"2025-11-28","mainEntityOfPage":"https:\/\/www.uvenio.cz\/na-last-minute-uz-neni-spoleh\/","author":{"@type":"Person","@id":"https:\/\/www.uvenio.cz\/author\/#Person","name":"","url":"https:\/\/www.uvenio.cz\/author\/","identifier":1,"image":{"@type":"ImageObject","@id":"https:\/\/secure.gravatar.com\/avatar\/11f8c6ff4d174e1ebef1d6401491d0892ff6534e7a3312fbf752a8f90a4375cd?s=96&d=mm&r=g","url":"https:\/\/secure.gravatar.com\/avatar\/11f8c6ff4d174e1ebef1d6401491d0892ff6534e7a3312fbf752a8f90a4375cd?s=96&d=mm&r=g","height":96,"width":96}},"publisher":{"@type":"Organization","name":"uvenio.cz","logo":{"@type":"ImageObject","@id":"\/logo.png","url":"\/logo.png","width":600,"height":60}},"image":{"@type":"ImageObject","@id":"https:\/\/www.uvenio.cz\/wp-content\/uploads\/img_a312347_w2571_t1523344008.jpg","url":"https:\/\/www.uvenio.cz\/wp-content\/uploads\/img_a312347_w2571_t1523344008.jpg","height":0,"width":0},"wordCount":527,"keywords":null},{"@type":"Article","@id":"https:\/\/www.uvenio.cz\/pritazliva-v-kazdem-veku\/","headline":"P\u0159ita\u017eliv\u00e1 v ka\u017ed\u00e9m v\u011bku","url":"https:\/\/www.uvenio.cz\/pritazliva-v-kazdem-veku\/","datePublished":"2025-09-29","dateModified":"2025-09-29","mainEntityOfPage":"https:\/\/www.uvenio.cz\/pritazliva-v-kazdem-veku\/","author":{"@type":"Person","@id":"https:\/\/www.uvenio.cz\/author\/#Person","name":"","url":"https:\/\/www.uvenio.cz\/author\/","identifier":1,"image":{"@type":"ImageObject","@id":"https:\/\/secure.gravatar.com\/avatar\/11f8c6ff4d174e1ebef1d6401491d0892ff6534e7a3312fbf752a8f90a4375cd?s=96&d=mm&r=g","url":"https:\/\/secure.gravatar.com\/avatar\/11f8c6ff4d174e1ebef1d6401491d0892ff6534e7a3312fbf752a8f90a4375cd?s=96&d=mm&r=g","height":96,"width":96}},"publisher":{"@type":"Organization","name":"uvenio.cz","logo":{"@type":"ImageObject","@id":"\/logo.png","url":"\/logo.png","width":600,"height":60}},"image":{"@type":"ImageObject","@id":"https:\/\/www.uvenio.cz\/wp-content\/uploads\/art279324_1x1_20260820_033235_UZEkFL.jpg","url":"https:\/\/www.uvenio.cz\/wp-content\/uploads\/art279324_1x1_20260820_033235_UZEkFL.jpg","height":0,"width":0},"wordCount":607,"keywords":null},{"@type":"Article","@id":"https:\/\/www.uvenio.cz\/jako-od-mistra\/","headline":"Jako od mistra","url":"https:\/\/www.uvenio.cz\/jako-od-mistra\/","datePublished":"2025-08-27","dateModified":"2025-08-27","mainEntityOfPage":"https:\/\/www.uvenio.cz\/jako-od-mistra\/","author":{"@type":"Person","@id":"https:\/\/www.uvenio.cz\/author\/#Person","name":"","url":"https:\/\/www.uvenio.cz\/author\/","identifier":1,"image":{"@type":"ImageObject","@id":"https:\/\/secure.gravatar.com\/avatar\/11f8c6ff4d174e1ebef1d6401491d0892ff6534e7a3312fbf752a8f90a4375cd?s=96&d=mm&r=g","url":"https:\/\/secure.gravatar.com\/avatar\/11f8c6ff4d174e1ebef1d6401491d0892ff6534e7a3312fbf752a8f90a4375cd?s=96&d=mm&r=g","height":96,"width":96}},"publisher":{"@type":"Organization","name":"uvenio.cz","logo":{"@type":"ImageObject","@id":"\/logo.png","url":"\/logo.png","width":600,"height":60}},"image":null,"wordCount":191,"keywords":null},{"@type":"Article","@id":"https:\/\/www.uvenio.cz\/rozhodnete-se-pro-lepsi-cestovani\/","headline":"Rozhodn\u011bte se pro lep\u0161\u00ed cestov\u00e1n\u00ed","url":"https:\/\/www.uvenio.cz\/rozhodnete-se-pro-lepsi-cestovani\/","datePublished":"2025-08-19","dateModified":"2025-08-19","mainEntityOfPage":"https:\/\/www.uvenio.cz\/rozhodnete-se-pro-lepsi-cestovani\/","author":{"@type":"Person","@id":"https:\/\/www.uvenio.cz\/author\/#Person","name":"","url":"https:\/\/www.uvenio.cz\/author\/","identifier":1,"image":{"@type":"ImageObject","@id":"https:\/\/secure.gravatar.com\/avatar\/11f8c6ff4d174e1ebef1d6401491d0892ff6534e7a3312fbf752a8f90a4375cd?s=96&d=mm&r=g","url":"https:\/\/secure.gravatar.com\/avatar\/11f8c6ff4d174e1ebef1d6401491d0892ff6534e7a3312fbf752a8f90a4375cd?s=96&d=mm&r=g","height":96,"width":96}},"publisher":{"@type":"Organization","name":"uvenio.cz","logo":{"@type":"ImageObject","@id":"\/logo.png","url":"\/logo.png","width":600,"height":60}},"image":null,"wordCount":276,"keywords":null},{"@type":"Article","@id":"https:\/\/www.uvenio.cz\/maly-doplnek-ktery-toho-umi-hodne\/","headline":"Mal\u00fd dopln\u011bk, kter\u00fd toho um\u00ed hodn\u011b","url":"https:\/\/www.uvenio.cz\/maly-doplnek-ktery-toho-umi-hodne\/","datePublished":"2025-08-15","dateModified":"2025-08-15","mainEntityOfPage":"https:\/\/www.uvenio.cz\/maly-doplnek-ktery-toho-umi-hodne\/","author":{"@type":"Person","@id":"https:\/\/www.uvenio.cz\/author\/#Person","name":"","url":"https:\/\/www.uvenio.cz\/author\/","identifier":1,"image":{"@type":"ImageObject","@id":"https:\/\/secure.gravatar.com\/avatar\/11f8c6ff4d174e1ebef1d6401491d0892ff6534e7a3312fbf752a8f90a4375cd?s=96&d=mm&r=g","url":"https:\/\/secure.gravatar.com\/avatar\/11f8c6ff4d174e1ebef1d6401491d0892ff6534e7a3312fbf752a8f90a4375cd?s=96&d=mm&r=g","height":96,"width":96}},"publisher":{"@type":"Organization","name":"uvenio.cz","logo":{"@type":"ImageObject","@id":"\/logo.png","url":"\/logo.png","width":600,"height":60}},"image":null,"wordCount":281,"keywords":null},{"@type":"Article","@id":"https:\/\/www.uvenio.cz\/staci-malo-a-je-to-vase\/","headline":"Sta\u010d\u00ed m\u00e1lo a je to va\u0161e","url":"https:\/\/www.uvenio.cz\/staci-malo-a-je-to-vase\/","datePublished":"2025-08-06","dateModified":"2025-08-06","mainEntityOfPage":"https:\/\/www.uvenio.cz\/staci-malo-a-je-to-vase\/","author":{"@type":"Person","@id":"https:\/\/www.uvenio.cz\/author\/#Person","name":"","url":"https:\/\/www.uvenio.cz\/author\/","identifier":1,"image":{"@type":"ImageObject","@id":"https:\/\/secure.gravatar.com\/avatar\/11f8c6ff4d174e1ebef1d6401491d0892ff6534e7a3312fbf752a8f90a4375cd?s=96&d=mm&r=g","url":"https:\/\/secure.gravatar.com\/avatar\/11f8c6ff4d174e1ebef1d6401491d0892ff6534e7a3312fbf752a8f90a4375cd?s=96&d=mm&r=g","height":96,"width":96}},"publisher":{"@type":"Organization","name":"uvenio.cz","logo":{"@type":"ImageObject","@id":"\/logo.png","url":"\/logo.png","width":600,"height":60}},"image":null,"wordCount":215,"keywords":null},{"@type":"Article","@id":"https:\/\/www.uvenio.cz\/pokoje-plne-barev\/","headline":"Pokoje pln\u00e9 barev","url":"https:\/\/www.uvenio.cz\/pokoje-plne-barev\/","datePublished":"2025-08-03","dateModified":"2025-08-03","mainEntityOfPage":"https:\/\/www.uvenio.cz\/pokoje-plne-barev\/","author":{"@type":"Person","@id":"https:\/\/www.uvenio.cz\/author\/#Person","name":"","url":"https:\/\/www.uvenio.cz\/author\/","identifier":1,"image":{"@type":"ImageObject","@id":"https:\/\/secure.gravatar.com\/avatar\/11f8c6ff4d174e1ebef1d6401491d0892ff6534e7a3312fbf752a8f90a4375cd?s=96&d=mm&r=g","url":"https:\/\/secure.gravatar.com\/avatar\/11f8c6ff4d174e1ebef1d6401491d0892ff6534e7a3312fbf752a8f90a4375cd?s=96&d=mm&r=g","height":96,"width":96}},"publisher":{"@type":"Organization","name":"uvenio.cz","logo":{"@type":"ImageObject","@id":"\/logo.png","url":"\/logo.png","width":600,"height":60}},"image":null,"wordCount":205,"keywords":null},{"@type":"Article","@id":"https:\/\/www.uvenio.cz\/netrapte-se-se-stehovanim\/","headline":"Netrapte se se st\u011bhov\u00e1n\u00edm","url":"https:\/\/www.uvenio.cz\/netrapte-se-se-stehovanim\/","datePublished":"2025-08-02","dateModified":"2025-08-02","mainEntityOfPage":"https:\/\/www.uvenio.cz\/netrapte-se-se-stehovanim\/","author":{"@type":"Person","@id":"https:\/\/www.uvenio.cz\/author\/#Person","name":"","url":"https:\/\/www.uvenio.cz\/author\/","identifier":1,"image":{"@type":"ImageObject","@id":"https:\/\/secure.gravatar.com\/avatar\/11f8c6ff4d174e1ebef1d6401491d0892ff6534e7a3312fbf752a8f90a4375cd?s=96&d=mm&r=g","url":"https:\/\/secure.gravatar.com\/avatar\/11f8c6ff4d174e1ebef1d6401491d0892ff6534e7a3312fbf752a8f90a4375cd?s=96&d=mm&r=g","height":96,"width":96}},"publisher":{"@type":"Organization","name":"uvenio.cz","logo":{"@type":"ImageObject","@id":"\/logo.png","url":"\/logo.png","width":600,"height":60}},"image":{"@type":"ImageObject","@id":"https:\/\/www.uvenio.cz\/wp-content\/uploads\/sssssssss_10_10_10.jpg","url":"https:\/\/www.uvenio.cz\/wp-content\/uploads\/sssssssss_10_10_10.jpg","height":0,"width":0},"wordCount":640,"keywords":null},{"@type":"Article","@id":"https:\/\/www.uvenio.cz\/nejnizsi-ceny-v-metropoli\/","headline":"Nejni\u017e\u0161\u00ed ceny v metropoli","url":"https:\/\/www.uvenio.cz\/nejnizsi-ceny-v-metropoli\/","datePublished":"2025-07-26","dateModified":"2025-07-26","mainEntityOfPage":"https:\/\/www.uvenio.cz\/nejnizsi-ceny-v-metropoli\/","author":{"@type":"Person","@id":"https:\/\/www.uvenio.cz\/author\/#Person","name":"","url":"https:\/\/www.uvenio.cz\/author\/","identifier":1,"image":{"@type":"ImageObject","@id":"https:\/\/secure.gravatar.com\/avatar\/11f8c6ff4d174e1ebef1d6401491d0892ff6534e7a3312fbf752a8f90a4375cd?s=96&d=mm&r=g","url":"https:\/\/secure.gravatar.com\/avatar\/11f8c6ff4d174e1ebef1d6401491d0892ff6534e7a3312fbf752a8f90a4375cd?s=96&d=mm&r=g","height":96,"width":96}},"publisher":{"@type":"Organization","name":"uvenio.cz","logo":{"@type":"ImageObject","@id":"\/logo.png","url":"\/logo.png","width":600,"height":60}},"image":null,"wordCount":197,"keywords":null}]},{"@context":"https:\/\/schema.org","@type":"WebSite","@id":"https:\/\/www.uvenio.cz\/#website","name":"Uvenio","url":"https:\/\/www.uvenio.cz","potentialAction":{"@type":"SearchAction","target":"https:\/\/www.uvenio.cz\/?s={search_term_string}","query-input":"required name=search_term_string"}}]